{"id":24012,"date":"2023-10-02T00:01:04","date_gmt":"2023-10-01T22:01:04","guid":{"rendered":"https:\/\/orchidee.de\/?p=24012"},"modified":"2023-10-02T12:34:09","modified_gmt":"2023-10-02T10:34:09","slug":"bulbophyllum-bolsteri","status":"publish","type":"post","link":"https:\/\/staging.orchidee.de\/en\/bulbophyllum-bolsteri\/","title":{"rendered":"Bulbophyllum bolsteri"},"content":{"rendered":"<section class=\"l-section wpb_row us_custom_326de118 height_medium\"><div class=\"l-section-h i-cf\"><div class=\"g-cols vc_row via_grid cols_1 laptops-cols_inherit tablets-cols_inherit mobiles-cols_1 valign_top type_default stacking_default\"><div class=\"wpb_column vc_column_container\"><div class=\"vc_column-inner\"><div class=\"wpb_text_column us_custom_e939c30a\"><div class=\"wpb_wrapper\"><h1><em>Bulbophyllum bolsteri<br \/>\n<\/em><\/h1>\n<\/div><\/div><\/div><\/div><\/div><\/div><\/section><section class=\"l-section wpb_row height_medium\"><div class=\"l-section-h i-cf\"><div class=\"g-cols vc_row via_grid cols_2 laptops-cols_inherit tablets-cols_inherit mobiles-cols_1 valign_middle type_default reversed\"><div class=\"wpb_column vc_column_container\"><div class=\"vc_column-inner\"><div class=\"w-image align_none\"><div class=\"w-image-h\"><img loading=\"lazy\" decoding=\"async\" width=\"1024\" height=\"1024\" src=\"https:\/\/staging.orchidee.de\/wp-content\/uploads\/Bulbophyllum-bolsteri_01-1024x1024.jpg\" class=\"attachment-large size-large\" alt=\"Bulbophyllum bolsteri\" srcset=\"https:\/\/staging.orchidee.de\/wp-content\/uploads\/Bulbophyllum-bolsteri_01-1024x1024.jpg 1024w, https:\/\/staging.orchidee.de\/wp-content\/uploads\/Bulbophyllum-bolsteri_01-320x320.jpg 320w, https:\/\/staging.orchidee.de\/wp-content\/uploads\/Bulbophyllum-bolsteri_01-150x150.jpg 150w, https:\/\/staging.orchidee.de\/wp-content\/uploads\/Bulbophyllum-bolsteri_01-300x300.jpg 300w, https:\/\/staging.orchidee.de\/wp-content\/uploads\/Bulbophyllum-bolsteri_01-1536x1536.jpg 1536w, https:\/\/staging.orchidee.de\/wp-content\/uploads\/Bulbophyllum-bolsteri_01-640x640.jpg 640w, https:\/\/staging.orchidee.de\/wp-content\/uploads\/Bulbophyllum-bolsteri_01-400x400.jpg 400w, https:\/\/staging.orchidee.de\/wp-content\/uploads\/Bulbophyllum-bolsteri_01-1000x1000.jpg 1000w\" sizes=\"auto, (max-width: 1024px) 100vw, 1024px\" \/><\/div><\/div><div class=\"wpb_text_column us_custom_c7a522c8 has_text_color\"><div class=\"wpb_wrapper\"><p style=\"text-align: center;\"><em>Bulbophyllum bolsteri<\/em> &#8211; Einzelbl\u00fcte<br \/>\n(Foto: Thomas Jacob)<\/p>\n<\/div><\/div><\/div><\/div><div class=\"wpb_column vc_column_container\"><div class=\"vc_column-inner\">[vc_wp_text]\n<table>\n<tbody>\n<tr>\n<th>Autor\/in:<\/th>\n<td>Thomas Jacob<\/td>\n<\/tr>\n<tr>\n<th>Ver\u00f6ffentlicht:<\/th>\n<td>02.10.2023<\/td>\n<\/tr>\n<\/tbody>\n<\/table>\n[\/vc_wp_text]<\/div><\/div><\/div><\/div><\/section><section class=\"l-section wpb_row height_medium\"><div class=\"l-section-h i-cf\"><div class=\"g-cols vc_row via_grid cols_2 laptops-cols_inherit tablets-cols_inherit mobiles-cols_1 valign_middle type_default stacking_default\"><div class=\"wpb_column vc_column_container\"><div class=\"vc_column-inner\"><div class=\"wpb_text_column\"><div class=\"wpb_wrapper\"><p><em>Bulbophyllum bolsteri<\/em> zog im Fr\u00fchjahr 2022 in meine damals noch recht neue Orchideenvitrine ein. Erhalten hatte ich es als kleines Pfl\u00e4nzchen, getopft in einen Topf mit 5 cm Durchmesser. Da die zahlreichen Pseudobulben an allen Ecken und Enden in die H\u00f6he wuchsen, nahm ich es direkt nach Erhalt aus dem Topf und band es auf ein gro\u00dfes St\u00fcck Wurzelholz\u00a0 aus der Aquaristik. In den letzten eineinhalb Jahren wuchs <em>Bulbophyllum bolsteri<\/em> zu einer stattlichen Pflanze heran, die st\u00e4ndig Bl\u00fcten hervorbringt.<\/p>\n<p>Vollst\u00e4ndig \u00f6ffnen sich die Bl\u00fcten nur in den k\u00fchlen Morgenstunden. Ab dem Vormittag beginnen sie sich wieder zu schlie\u00dfen. Die einzelne Bl\u00fcte h\u00e4lt 3 &#8211; 5 Tage und ist ca. 3,5 cm hoch und 2,2 cm breit. Duft konnte ich bisher keinen feststellen.<\/p>\n<\/div><\/div><\/div><\/div><div class=\"wpb_column vc_column_container\"><div class=\"vc_column-inner\"><div class=\"w-image align_none\"><div class=\"w-image-h\"><img loading=\"lazy\" decoding=\"async\" width=\"390\" height=\"260\" src=\"https:\/\/staging.orchidee.de\/wp-content\/uploads\/Bulbophyllum-bolsteri_02.jpg\" class=\"attachment-large size-large\" alt=\"Bulbophyllum bolsteri\" srcset=\"https:\/\/staging.orchidee.de\/wp-content\/uploads\/Bulbophyllum-bolsteri_02.jpg 390w, https:\/\/staging.orchidee.de\/wp-content\/uploads\/Bulbophyllum-bolsteri_02-320x213.jpg 320w\" sizes=\"auto, (max-width: 390px) 100vw, 390px\" \/><\/div><\/div><div class=\"wpb_text_column us_custom_c7a522c8 has_text_color\"><div class=\"wpb_wrapper\"><p style=\"text-align: center;\"><em>Bulbophyllum bolsteri <\/em>im Fr\u00fchjahr 2022, als ich es getopft erhielt<br \/>\n(Foto: Thomas Jacob)<\/p>\n<\/div><\/div><\/div><\/div><\/div><\/div><\/section><section class=\"l-section wpb_row height_medium\"><div class=\"l-section-h i-cf\"><div class=\"g-cols vc_row via_grid cols_2 laptops-cols_inherit tablets-cols_inherit mobiles-cols_1 valign_middle type_default reversed stacking_default\"><div class=\"wpb_column vc_column_container\"><div class=\"vc_column-inner\"><div class=\"w-image align_none\"><div class=\"w-image-h\"><img loading=\"lazy\" decoding=\"async\" width=\"1024\" height=\"683\" src=\"https:\/\/staging.orchidee.de\/wp-content\/uploads\/Bulbophyllum-bolsteri_03-1024x683.jpg\" class=\"attachment-large size-large\" alt=\"Bulbophyllum bolsteri\" srcset=\"https:\/\/staging.orchidee.de\/wp-content\/uploads\/Bulbophyllum-bolsteri_03-1024x683.jpg 1024w, https:\/\/staging.orchidee.de\/wp-content\/uploads\/Bulbophyllum-bolsteri_03-320x213.jpg 320w, https:\/\/staging.orchidee.de\/wp-content\/uploads\/Bulbophyllum-bolsteri_03-391x260.jpg 391w, https:\/\/staging.orchidee.de\/wp-content\/uploads\/Bulbophyllum-bolsteri_03-600x400.jpg 600w, https:\/\/staging.orchidee.de\/wp-content\/uploads\/Bulbophyllum-bolsteri_03-1536x1024.jpg 1536w, https:\/\/staging.orchidee.de\/wp-content\/uploads\/Bulbophyllum-bolsteri_03-640x427.jpg 640w, https:\/\/staging.orchidee.de\/wp-content\/uploads\/Bulbophyllum-bolsteri_03-540x360.jpg 540w\" sizes=\"auto, (max-width: 1024px) 100vw, 1024px\" \/><\/div><\/div><div class=\"wpb_text_column us_custom_c7a522c8 has_text_color\"><div class=\"wpb_wrapper\"><p style=\"text-align: center;\">Gr\u00f6\u00dfenvergleich von <em>Bulbophyllum bolsteri<\/em> mit meinem Daumen<br \/>\n(Foto: Thomas Jacob)<\/p>\n<\/div><\/div><\/div><\/div><div class=\"wpb_column vc_column_container\"><div class=\"vc_column-inner\"><div class=\"wpb_text_column\"><div class=\"wpb_wrapper\"><p>Wie oben bereits erw\u00e4hnt ist mein<em> Bulbophyllum bolsteri<\/em> auf ein St\u00fcck Holz mit ganz wenig<em> Sphagnum<\/em>-Moos als Unterlage aufgebunden und h\u00e4ngt im unteren Bereich des Terrariums. Die Lichtmenge betr\u00e4gt dort ca. 20\u202f000 Lux.<\/p>\n<p>In der N\u00e4he der Pflanze laufen alle zwei Stunden drei kleine PC-Ventilatoren f\u00fcr 15 Minuten. Dadurch ist die Pflanze einer st\u00e4ndigen Luftzirkulation ausgesetzt und die Wurzeln trocknen nach dem W\u00e4ssern z\u00fcgig\u00a0 ab. Die Luftfeuchtigkeit schwankt zwischen 95% direkt nach dem Beregnen und ca. 60%, wenn die Ventilatoren gerade in Betrieb waren.<\/p>\n<p>Die Beregnungsanlage macht die Pflanze nicht jedes Mal triefend nass, aber sie \u00fcberzieht die gesamte Pflanze sechsmal am Tag mit feinen Tr\u00f6pfchen. Zweimal t\u00e4glich wird<em> Bulbophyllum bolsteri <\/em>von der Beregnungsanlage richtig nass gemacht \u2013 da sie morgens und am fr\u00fchen Nachmittag l\u00e4nger l\u00e4uft. Zus\u00e4tzlich mit einem Handspr\u00fchger\u00e4t wird nur noch gelegentlich in Verbindung mit D\u00fcnger gew\u00e4ssert.<\/p>\n<\/div><\/div><\/div><\/div><\/div><\/div><\/section><section class=\"l-section wpb_row height_medium\"><div class=\"l-section-h i-cf\"><div class=\"g-cols vc_row via_grid cols_2 laptops-cols_inherit tablets-cols_inherit mobiles-cols_1 valign_middle type_default stacking_default\"><div class=\"wpb_column vc_column_container\"><div class=\"vc_column-inner\"><div class=\"wpb_text_column\"><div class=\"wpb_wrapper\"><p>Ged\u00fcngt wird das ganze Jahr, da ich durch die k\u00fcnstliche Beleuchtung daf\u00fcr sorge, dass <em>Bulbphyllum bolsteri<\/em> seinen Stoffwechsel das ganze Jahr hindurch hochh\u00e4lt. Alle 14 \u2013 28 Tage gibt es D\u00fcngerwasser mit einer Leitf\u00e4higkeit von ca. 250 \u00b5S\/cm \u00fcber ein Handspr\u00fchger\u00e4t. Die Beregnungsanlage verspr\u00fcht nur sehr salzarmes Regenwasser, das eine Leitf\u00e4higkeit von ca. 20\u202f\u00b5S\/cm hat.<\/p>\n<p>Die Temperaturbedingungen in der Orchideenvitrine sind ganzj\u00e4hrig warm. Die niedrigsten Temperaturen erreiche ich in den Wintern\u00e4chten mit teilweise nur noch 15,5 \u2013 16 \u00b0C. In der n\u00e4he der Ventilatoren ziemlich weit unten am Boden, wo <em>Bulbophyllum bolsteri<\/em> seinen Pflatz gefunden hat, sollte es nachts noch 1-2 Grad k\u00fchler sein. In warmen Sommern\u00e4chten f\u00e4llt das Thermometer nicht unter 24 \u00b0C. Tags\u00fcber variieren die Temperaturen von 24 \u00b0C im Winter bis \u00fcber 30 \u00b0C im Sommer.<\/p>\n<p>Ich freue mich wirklich sehr, dass <em>Bulbophyllum bolsteri<\/em> so schnell und kr\u00e4ftig w\u00e4chst und dazu auch noch regelm\u00e4\u00dfig seine sch\u00f6nen Bl\u00fcten ausbildet!<\/p>\n<p>Viel Erfolg beim Kultivieren!<\/p>\n<\/div><\/div><\/div><\/div><div class=\"wpb_column vc_column_container\"><div class=\"vc_column-inner\"><div class=\"w-image align_none\"><div class=\"w-image-h\"><img loading=\"lazy\" decoding=\"async\" width=\"683\" height=\"1024\" src=\"https:\/\/staging.orchidee.de\/wp-content\/uploads\/Bulbophyllum-bolsteri_04-683x1024.jpg\" class=\"attachment-large size-large\" alt=\"Bulbophyllum bolsteri\" srcset=\"https:\/\/staging.orchidee.de\/wp-content\/uploads\/Bulbophyllum-bolsteri_04-683x1024.jpg 683w, https:\/\/staging.orchidee.de\/wp-content\/uploads\/Bulbophyllum-bolsteri_04-213x320.jpg 213w, https:\/\/staging.orchidee.de\/wp-content\/uploads\/Bulbophyllum-bolsteri_04-1024x1536.jpg 1024w, https:\/\/staging.orchidee.de\/wp-content\/uploads\/Bulbophyllum-bolsteri_04-427x640.jpg 427w, https:\/\/staging.orchidee.de\/wp-content\/uploads\/Bulbophyllum-bolsteri_04-267x400.jpg 267w, https:\/\/staging.orchidee.de\/wp-content\/uploads\/Bulbophyllum-bolsteri_04.jpg 1600w\" sizes=\"auto, (max-width: 683px) 100vw, 683px\" \/><\/div><\/div><div class=\"wpb_text_column us_custom_c7a522c8 has_text_color\"><div class=\"wpb_wrapper\"><p style=\"text-align: center;\"><em>Bulbophyllum bolsteri<\/em>\u00a0 &#8211; Habitus heute, September 2023<br \/>\n(Foto: Thomas Jacob)<\/p>\n<\/div><\/div><\/div><\/div><\/div><\/div><\/section>\n","protected":false},"excerpt":{"rendered":"<p>Bulbophyllum bolsteri zog im Fr\u00fchjahr 2023 in meine damals noch recht neue Orchideenvitrine ein. Erhalten hatte ich es als kleines Pfl\u00e4nzchen, getopft in einen Topf mit 5 cm Durchmesser &#8230;<\/p>\n","protected":false},"author":18,"featured_media":24041,"comment_status":"open","ping_status":"open","sticky":false,"template":"","format":"standard","meta":{"footnotes":""},"categories":[209],"tags":[],"class_list":["post-24012","post","type-post","status-publish","format-standard","has-post-thumbnail","hentry","category-orchidee-der-woche"],"_links":{"self":[{"href":"https:\/\/staging.orchidee.de\/en\/wp-json\/wp\/v2\/posts\/24012","targetHints":{"allow":["GET"]}}],"collection":[{"href":"https:\/\/staging.orchidee.de\/en\/wp-json\/wp\/v2\/posts"}],"about":[{"href":"https:\/\/staging.orchidee.de\/en\/wp-json\/wp\/v2\/types\/post"}],"author":[{"embeddable":true,"href":"https:\/\/staging.orchidee.de\/en\/wp-json\/wp\/v2\/users\/18"}],"replies":[{"embeddable":true,"href":"https:\/\/staging.orchidee.de\/en\/wp-json\/wp\/v2\/comments?post=24012"}],"version-history":[{"count":8,"href":"https:\/\/staging.orchidee.de\/en\/wp-json\/wp\/v2\/posts\/24012\/revisions"}],"predecessor-version":[{"id":24047,"href":"https:\/\/staging.orchidee.de\/en\/wp-json\/wp\/v2\/posts\/24012\/revisions\/24047"}],"wp:featuredmedia":[{"embeddable":true,"href":"https:\/\/staging.orchidee.de\/en\/wp-json\/wp\/v2\/media\/24041"}],"wp:attachment":[{"href":"https:\/\/staging.orchidee.de\/en\/wp-json\/wp\/v2\/media?parent=24012"}],"wp:term":[{"taxonomy":"category","embeddable":true,"href":"https:\/\/staging.orchidee.de\/en\/wp-json\/wp\/v2\/categories?post=24012"},{"taxonomy":"post_tag","embeddable":true,"href":"https:\/\/staging.orchidee.de\/en\/wp-json\/wp\/v2\/tags?post=24012"}],"curies":[{"name":"wp","href":"https:\/\/api.w.org\/{rel}","templated":true}]}}