{"id":21011,"date":"2023-07-17T00:01:33","date_gmt":"2023-07-16T22:01:33","guid":{"rendered":"https:\/\/orchidee.de\/?p=21011"},"modified":"2023-07-15T17:42:30","modified_gmt":"2023-07-15T15:42:30","slug":"phragmipedium-mem-estelle-getty","status":"publish","type":"post","link":"https:\/\/staging.orchidee.de\/en\/phragmipedium-mem-estelle-getty\/","title":{"rendered":"Phragmipedium Mem. Estelle Getty"},"content":{"rendered":"<section class=\"l-section wpb_row us_custom_326de118 height_medium\"><div class=\"l-section-h i-cf\"><div class=\"g-cols vc_row via_grid cols_1 laptops-cols_inherit tablets-cols_inherit mobiles-cols_1 valign_top type_default stacking_default\"><div class=\"wpb_column vc_column_container\"><div class=\"vc_column-inner\"><div class=\"wpb_text_column us_custom_e939c30a\"><div class=\"wpb_wrapper\"><h1><em>Phragmipedium<\/em> Mem. Estelle Getty<\/h1>\n<\/div><\/div><\/div><\/div><\/div><\/div><\/section><section class=\"l-section wpb_row height_medium\"><div class=\"l-section-h i-cf\"><div class=\"g-cols vc_row via_grid cols_2 laptops-cols_inherit tablets-cols_inherit mobiles-cols_1 valign_middle type_default reversed stacking_default\"><div class=\"wpb_column vc_column_container\"><div class=\"vc_column-inner\"><div class=\"w-image align_none\"><div class=\"w-image-h\"><img loading=\"lazy\" decoding=\"async\" width=\"1024\" height=\"683\" src=\"https:\/\/staging.orchidee.de\/wp-content\/uploads\/Phragmipedium-Mem-Estelle-Getty_01-1024x683.jpg\" class=\"attachment-large size-large\" alt=\"Phragmipedium Mem Estelle Getty\" srcset=\"https:\/\/staging.orchidee.de\/wp-content\/uploads\/Phragmipedium-Mem-Estelle-Getty_01-1024x683.jpg 1024w, https:\/\/staging.orchidee.de\/wp-content\/uploads\/Phragmipedium-Mem-Estelle-Getty_01-320x213.jpg 320w, https:\/\/staging.orchidee.de\/wp-content\/uploads\/Phragmipedium-Mem-Estelle-Getty_01-391x260.jpg 391w, https:\/\/staging.orchidee.de\/wp-content\/uploads\/Phragmipedium-Mem-Estelle-Getty_01-600x400.jpg 600w, https:\/\/staging.orchidee.de\/wp-content\/uploads\/Phragmipedium-Mem-Estelle-Getty_01-1536x1024.jpg 1536w, https:\/\/staging.orchidee.de\/wp-content\/uploads\/Phragmipedium-Mem-Estelle-Getty_01-640x427.jpg 640w, https:\/\/staging.orchidee.de\/wp-content\/uploads\/Phragmipedium-Mem-Estelle-Getty_01-540x360.jpg 540w\" sizes=\"auto, (max-width: 1024px) 100vw, 1024px\" \/><\/div><\/div><div class=\"wpb_text_column us_custom_c7a522c8 has_text_color\"><div class=\"wpb_wrapper\"><p style=\"text-align: center;\"><em>Phragmipedium<\/em> Mem. Estelle Getty &#8211; Einzelbl\u00fcte<br \/>\n(Foto: Thomas Jacob)<\/p>\n<\/div><\/div><\/div><\/div><div class=\"wpb_column vc_column_container\"><div class=\"vc_column-inner\">[vc_wp_text]\n<table>\n<tbody>\n<tr>\n<th>Autor\/in:<\/th>\n<td>Thomas Jacob<\/td>\n<\/tr>\n<tr>\n<th>Ver\u00f6ffentlicht:<\/th>\n<td>17.07.2023<\/td>\n<\/tr>\n<\/tbody>\n<\/table>\n[\/vc_wp_text]<\/div><\/div><\/div><\/div><\/section><section class=\"l-section wpb_row height_medium\"><div class=\"l-section-h i-cf\"><div class=\"g-cols vc_row via_grid cols_2 laptops-cols_inherit tablets-cols_inherit mobiles-cols_1 valign_middle type_default stacking_default\"><div class=\"wpb_column vc_column_container\"><div class=\"vc_column-inner\"><div class=\"wpb_text_column\"><div class=\"wpb_wrapper\"><p>Vor einigen Jahren erhielt ich durch einen Import aus den USA eine Pflanze von <em>Phragmipedium<\/em> Mem. Estelle Getty \u2013 eine Prim\u00e4rybride aus <a href=\"\/phragmipedium-longifolium\/\"><em>Phragmipedium<\/em> <em>longifolium<\/em><\/a> und <a href=\"\/phragmipedium-fischeri\/\"><em>Phragmipedium fischeri<\/em><\/a>. Benannt ist die Hybride nach der US-amerikanischen Schauspielerin Estelle Getty, die als Darstellerin der Sophia Petrillo in der Serie Golden Girls international bekannt wurde.<\/p>\n<p>Durch die Beteiligung von <a href=\"\/phragmipedium-fischeri\/\"><em>Phragmipedium fischeri<\/em><\/a>\u00a0 hatte ich bei der Hybride auf etwas kompaktere Pflanzen gehofft. Als ich die Jungpflanze vor einigen Jahren erhielt, wirkte das auch noch so. Allerdings hat die Pflanze inzwischen derma\u00dfen an Gr\u00f6\u00dfe zugelegt, dass sie einem mittelgro\u00dfen <a href=\"\/phragmipedium-longifolium\/\"><em>Phragmipedium longifolium<\/em><\/a> nahekommt. Auf der Fensterbank wird sie mit den Jahren garantiert keinen Platz mehr finden \u2013 gut, dass wir eine sehr helle Wohnung mit gro\u00dfen Fenstern haben&#8230;.<\/p>\n<\/div><\/div><\/div><\/div><div class=\"wpb_column vc_column_container\"><div class=\"vc_column-inner\"><div class=\"w-image align_none\"><div class=\"w-image-h\"><img loading=\"lazy\" decoding=\"async\" width=\"1024\" height=\"683\" src=\"https:\/\/staging.orchidee.de\/wp-content\/uploads\/Phragmipedium-Mem-Estelle-Getty_02-1024x683.jpg\" class=\"attachment-large size-large\" alt=\"Phragmipedium Mem Estelle Getty\" srcset=\"https:\/\/staging.orchidee.de\/wp-content\/uploads\/Phragmipedium-Mem-Estelle-Getty_02-1024x683.jpg 1024w, https:\/\/staging.orchidee.de\/wp-content\/uploads\/Phragmipedium-Mem-Estelle-Getty_02-320x213.jpg 320w, https:\/\/staging.orchidee.de\/wp-content\/uploads\/Phragmipedium-Mem-Estelle-Getty_02-391x260.jpg 391w, https:\/\/staging.orchidee.de\/wp-content\/uploads\/Phragmipedium-Mem-Estelle-Getty_02-600x400.jpg 600w, https:\/\/staging.orchidee.de\/wp-content\/uploads\/Phragmipedium-Mem-Estelle-Getty_02-1536x1024.jpg 1536w, https:\/\/staging.orchidee.de\/wp-content\/uploads\/Phragmipedium-Mem-Estelle-Getty_02-640x427.jpg 640w, https:\/\/staging.orchidee.de\/wp-content\/uploads\/Phragmipedium-Mem-Estelle-Getty_02-540x360.jpg 540w\" sizes=\"auto, (max-width: 1024px) 100vw, 1024px\" \/><\/div><\/div><div class=\"wpb_text_column us_custom_c7a522c8 has_text_color\"><div class=\"wpb_wrapper\"><p style=\"text-align: center;\">Gr\u00f6\u00dfenvergleich der Bl\u00fcte von <em>Phragmipedium<\/em> Mem. Estelle Getty mit meiner Hand<br \/>\n(Foto: Thomas Jacob)<\/p>\n<\/div><\/div><\/div><\/div><\/div><\/div><\/section><section class=\"l-section wpb_row height_medium\"><div class=\"l-section-h i-cf\"><div class=\"g-cols vc_row via_grid cols_2 laptops-cols_inherit tablets-cols_inherit mobiles-cols_1 valign_middle type_default reversed stacking_default\"><div class=\"wpb_column vc_column_container\"><div class=\"vc_column-inner\"><div class=\"w-image align_none\"><div class=\"w-image-h\"><img loading=\"lazy\" decoding=\"async\" width=\"1024\" height=\"683\" src=\"https:\/\/staging.orchidee.de\/wp-content\/uploads\/Phragmipedium-Mem-Estelle-Getty_03-1024x683.jpg\" class=\"attachment-large size-large\" alt=\"Phragmipedium Mem Estelle Getty\" srcset=\"https:\/\/staging.orchidee.de\/wp-content\/uploads\/Phragmipedium-Mem-Estelle-Getty_03-1024x683.jpg 1024w, https:\/\/staging.orchidee.de\/wp-content\/uploads\/Phragmipedium-Mem-Estelle-Getty_03-320x213.jpg 320w, https:\/\/staging.orchidee.de\/wp-content\/uploads\/Phragmipedium-Mem-Estelle-Getty_03-391x260.jpg 391w, https:\/\/staging.orchidee.de\/wp-content\/uploads\/Phragmipedium-Mem-Estelle-Getty_03-600x400.jpg 600w, https:\/\/staging.orchidee.de\/wp-content\/uploads\/Phragmipedium-Mem-Estelle-Getty_03-1536x1024.jpg 1536w, https:\/\/staging.orchidee.de\/wp-content\/uploads\/Phragmipedium-Mem-Estelle-Getty_03-640x427.jpg 640w, https:\/\/staging.orchidee.de\/wp-content\/uploads\/Phragmipedium-Mem-Estelle-Getty_03-540x360.jpg 540w\" sizes=\"auto, (max-width: 1024px) 100vw, 1024px\" \/><\/div><\/div><div class=\"wpb_text_column us_custom_c7a522c8 has_text_color\"><div class=\"wpb_wrapper\"><p style=\"text-align: center;\">Die Bl\u00fcten von <em>Phragmipedium<\/em> Mem. Estelle Getty in der Profilansicht<br \/>\n(Foto: Thomas Jacob)<\/p>\n<\/div><\/div><\/div><\/div><div class=\"wpb_column vc_column_container\"><div class=\"vc_column-inner\"><div class=\"wpb_text_column\"><div class=\"wpb_wrapper\"><p>Da Phragmipedien viel Feuchtigkeit brauchen, sollten sie stets in einer mit Wasser gef\u00fcllten Schale stehen. Besonders im Sommer darf das Substrat auch richtig nass sein. Zu viel Wasser ist bei Phragmipedien fast nicht m\u00f6glich. Nur gelegentlich sollte die Schale ganz abtrocknen, damit sich keine unerw\u00fcnschten Bakterien im Wasser ausbreiten k\u00f6nnen. Meine Pflanzen stehen in gro\u00dfen Wannen, die ich alle paar Tage mit frischem Wasser f\u00fclle, sobald das alte aufgesaugt ist. Im Sommer sind die Schalen alle 3 bis 4 Tage leer, im Winter dauert es 6 bis 7 Tage. Oft ist zu lesen, dass Phragmipedien sehr salzempfindlich sind und bei zu hohen D\u00fcngergaben braune Blattspitzen bekommen. F\u00fcr einige Naturformen und Prim\u00e4rhybriden trifft es auch zu, dass die Wurzeln bei zu vielen Salzen verbrennen und absterben. Allerdings gibt es einige Arten und daher auch Hybriden, die wesentlich besser wachsen und bl\u00fchen, wenn sie etwas mehr D\u00fcnger bekommen. Braune Blattspitzen haben meinen Pflanzen nicht mehr, seit ich einen D\u00fcnger verwende, der sowohl Calcium als auch Magnesium enth\u00e4lt und den ich auch h\u00f6her dosiere als fr\u00fcher. Meiner Erfahrung nach sind die braunen Blattspitzen eher auf einen Mangel an Calcium und Magnesium und nicht auf zu hohe D\u00fcngergaben zur\u00fcckzuf\u00fchren. Im Sommer erhalten meine <em>Phragmipedium<\/em>-Hybriden zwischen 350 und 450 \u00b5S\/cm bei jedem zweiten bis dritten W\u00e4ssern. Nur im Winter stelle ich das D\u00fcngen ganz ein. Die angereicherten Salze im Substrat gen\u00fcgen den Pflanzen, um durch die dunkle Jahreszeit zu kommen.<\/p>\n<\/div><\/div><\/div><\/div><\/div><\/div><\/section><section class=\"l-section wpb_row height_medium\"><div class=\"l-section-h i-cf\"><div class=\"g-cols vc_row via_grid cols_2 laptops-cols_inherit tablets-cols_inherit mobiles-cols_1 valign_middle type_default stacking_default\"><div class=\"wpb_column vc_column_container\"><div class=\"vc_column-inner\"><div class=\"wpb_text_column\"><div class=\"wpb_wrapper\"><p>Mein Standard-<em>Phragmipedium<\/em>-Substrat ist eine Mischung aus Rinde, Perlite, Bimskies und Holzkohle. Die K\u00f6rnung der Rinde passe ich an die Topfgr\u00f6\u00dfe an. Bei kleinen T\u00f6pfen nehme ich feinere Rinde, bei gro\u00dfen T\u00f6pfen gerne gr\u00f6bere. Perlite verwende ich in der K\u00f6rnung 2 \u2013 4 Millimeter. Durch ihr geringes Gewicht machen sie das Substrat locker und sorgen f\u00fcr eine gute Bel\u00fcftung der Wurzeln. Der Bimskies versorgt die Pflanzen zus\u00e4tzlich mit Calcium, da er diesen durch die andauernde Feuchtigkeit freigibt. Die K\u00f6rnung spielt dabei nur eine untergeordnete Rolle. Ich nutze gerne 5 \u2013 10 Millimeter. Um einige trockenere Stellen im Pflanzstoff zu schaffen, f\u00fcge ich immer Holzkohle in einer K\u00f6rnung von 7 \u2013 14 Millimeter hinzu. Die Holzkohle saugt sich nicht mit Wasser voll und bleibt trocken. Durch die etwas gr\u00f6beren Brocken entstehen zus\u00e4tzlich ein paar Luftl\u00f6cher im Substrat, die eine Luftzirkulation im Topf zulassen.<\/p>\n<p>Nat\u00fcrlich gibt es auch einige andere Substrate, die gut f\u00fcr Phragmipedien geeignet sind. Jedes hat seine eigenen Vor- und Nachteile. Der gr\u00f6\u00dfte Nachteil von Rinde ist, dass sie regelm\u00e4\u00dfig gewechselt werden muss, da sie durch die Dauerfeuchte sehr schnell zerf\u00e4llt. Mineralische Substrate zerfallen nicht und m\u00fcssen daher nicht so oft ausgetauscht werden. Jeder sollte da seine eigenen Erfahrungen machen und ausprobieren, was zu seiner Kultur am besten passt. Au\u00dfer mit meinem Standardsubstrat habe ich auch gute Erfahrungen gemacht mit:<\/p>\n<p>Akadama<\/p>\n<p><em>Sphagnum<\/em>-Moos<\/p>\n<p>Steinwollw\u00fcrfeln<\/p>\n<p>Bimskies<\/p>\n<p>Lavagranulat<\/p>\n<\/div><\/div><\/div><\/div><div class=\"wpb_column vc_column_container\"><div class=\"vc_column-inner\"><div class=\"w-image align_none\"><div class=\"w-image-h\"><img loading=\"lazy\" decoding=\"async\" width=\"683\" height=\"1024\" src=\"https:\/\/staging.orchidee.de\/wp-content\/uploads\/Phragmipedium-Mem-Estelle-Getty_04-683x1024.jpg\" class=\"attachment-large size-large\" alt=\"Phragmipedium Mem Estelle Getty\" srcset=\"https:\/\/staging.orchidee.de\/wp-content\/uploads\/Phragmipedium-Mem-Estelle-Getty_04-683x1024.jpg 683w, https:\/\/staging.orchidee.de\/wp-content\/uploads\/Phragmipedium-Mem-Estelle-Getty_04-213x320.jpg 213w, https:\/\/staging.orchidee.de\/wp-content\/uploads\/Phragmipedium-Mem-Estelle-Getty_04-1024x1536.jpg 1024w, https:\/\/staging.orchidee.de\/wp-content\/uploads\/Phragmipedium-Mem-Estelle-Getty_04-427x640.jpg 427w, https:\/\/staging.orchidee.de\/wp-content\/uploads\/Phragmipedium-Mem-Estelle-Getty_04-267x400.jpg 267w, https:\/\/staging.orchidee.de\/wp-content\/uploads\/Phragmipedium-Mem-Estelle-Getty_04.jpg 1600w\" sizes=\"auto, (max-width: 683px) 100vw, 683px\" \/><\/div><\/div><div class=\"wpb_text_column us_custom_c7a522c8 has_text_color\"><div class=\"wpb_wrapper\"><p style=\"text-align: center;\">Der Habitus von <em>Phragmipedium<\/em> Mem. Estelle Getty ist leider sehr ausladend.<br \/>\n(Foto: Thomas Jacob)<\/p>\n<\/div><\/div><\/div><\/div><\/div><\/div><\/section><section class=\"l-section wpb_row height_medium\"><div class=\"l-section-h i-cf\"><div class=\"g-cols vc_row via_grid cols_2 laptops-cols_inherit tablets-cols_inherit mobiles-cols_1 valign_middle type_default reversed stacking_default\"><div class=\"wpb_column vc_column_container\"><div class=\"vc_column-inner\"><div class=\"w-image align_none\"><div class=\"w-image-h\"><img loading=\"lazy\" decoding=\"async\" width=\"1024\" height=\"683\" src=\"https:\/\/staging.orchidee.de\/wp-content\/uploads\/Phragmipedium-Mem-Estelle-Getty_05-1024x683.jpg\" class=\"attachment-large size-large\" alt=\"Phragmipedium Mem Estelle Getty\" srcset=\"https:\/\/staging.orchidee.de\/wp-content\/uploads\/Phragmipedium-Mem-Estelle-Getty_05-1024x683.jpg 1024w, https:\/\/staging.orchidee.de\/wp-content\/uploads\/Phragmipedium-Mem-Estelle-Getty_05-320x213.jpg 320w, https:\/\/staging.orchidee.de\/wp-content\/uploads\/Phragmipedium-Mem-Estelle-Getty_05-391x260.jpg 391w, https:\/\/staging.orchidee.de\/wp-content\/uploads\/Phragmipedium-Mem-Estelle-Getty_05-600x400.jpg 600w, https:\/\/staging.orchidee.de\/wp-content\/uploads\/Phragmipedium-Mem-Estelle-Getty_05-1536x1024.jpg 1536w, https:\/\/staging.orchidee.de\/wp-content\/uploads\/Phragmipedium-Mem-Estelle-Getty_05-640x427.jpg 640w, https:\/\/staging.orchidee.de\/wp-content\/uploads\/Phragmipedium-Mem-Estelle-Getty_05-540x360.jpg 540w\" sizes=\"auto, (max-width: 1024px) 100vw, 1024px\" \/><\/div><\/div><div class=\"wpb_text_column us_custom_c7a522c8 has_text_color\"><div class=\"wpb_wrapper\"><p style=\"text-align: center;\">Seitenansicht der Bl\u00fcte von Phragmipedium Mem. Estelle Getty<br \/>\n(Foto: Thomas Jacob)<\/p>\n<\/div><\/div><\/div><\/div><div class=\"wpb_column vc_column_container\"><div class=\"vc_column-inner\"><div class=\"wpb_text_column\"><div class=\"wpb_wrapper\"><p>Im Sommer stehen Phragmipedien gerne im Freien, da sie Frischluft und Luftbewegung wirklich lieben. Ein Muss ist dies aber nicht. Auch eine ganzj\u00e4hrige Kultur in der Wohnung ist m\u00f6glich, wenn regelm\u00e4\u00dfig gel\u00fcftet wird. Steht die Luft zu lange, bilden sich am Ansatz der Triebe leicht Pilze, die unbehandelt die ganze Pflanze vernichten k\u00f6nnen. Die hohen Temperaturen im Sommer vertragen meine Pflanzen allesamt sehr gut, wenn die Luftfeuchtigkeit hoch ist. Dies erreiche ich durch die gro\u00dfen mit Wasser gef\u00fcllten Wannen, die reichlich Feuchtigkeit verdunsten. Ich benutze keinen zus\u00e4tzlichen Nebler. Die n\u00e4chtlichen Temperaturen liegen bei mir zwischen 14 und 18 \u00b0C, je nach Au\u00dfentemperatur. An bew\u00f6lkten Wintertagen liegen die Temperaturen am Tag bei etwa 24 \u00b0C. Wenn die Sonne auf das gro\u00dfe Fenster scheint, steigen sie auch mal \u00fcber 30 \u00b0C. Im Sommer sollte direkte Mittagssonne vermieden werden, da die Bl\u00e4tter sehr schnell verbrennen k\u00f6nnen. Es gibt einzelne Pflanzen, die nicht so empfindlich zu sein scheinen, allerdings wachsen alle Pflanzen nach meiner Erfahrung etwas schattiger besser. Auch die Blattfarbe ist bei schattiger Kultur dunkler und kr\u00e4ftiger. Bei zu wenig Licht werden die Bl\u00e4tter der Neutriebe l\u00e4nger und schmaler. Meist f\u00e4llt dann auch die Bl\u00fcte aus. Im Winter darf die Sonne auch mittags unschattiert auf die Pflanzen fallen.<\/p>\n<p><em>Phragmipedium<\/em> Mem. Estelle Getty ist zwar nicht die ausgefallenste Hybride, die Bl\u00fcten bringen mich aber immer zum Schmunzeln, weil ich sofort die einzig wahre Estelle Getty und ihren trockenen Humor im Kopf habe&#8230;<\/p>\n<p>Viel Erfolg beim Kultivieren!<\/p>\n<\/div><\/div><\/div><\/div><\/div><\/div><\/section>\n","protected":false},"excerpt":{"rendered":"<p>Vor einigen Jahren erhielt ich durch einen Import aus den USA eine Pflanze von Phragmipedium Mem. Estelle Getty \u2013 eine Prim\u00e4rybride aus Phragmipedium longifolium und Phragmipedium fischeri. Benannt ist die Hybride nach der US-amerikanischen Schauspielerin Estelle Getty, die als Darstellerin der Sophia Petrillo in der Serie Golden Girls international bekannt wurde &#8230;<\/p>\n","protected":false},"author":18,"featured_media":21150,"comment_status":"open","ping_status":"open","sticky":false,"template":"","format":"standard","meta":{"footnotes":""},"categories":[209],"tags":[],"class_list":["post-21011","post","type-post","status-publish","format-standard","has-post-thumbnail","hentry","category-orchidee-der-woche"],"_links":{"self":[{"href":"https:\/\/staging.orchidee.de\/en\/wp-json\/wp\/v2\/posts\/21011","targetHints":{"allow":["GET"]}}],"collection":[{"href":"https:\/\/staging.orchidee.de\/en\/wp-json\/wp\/v2\/posts"}],"about":[{"href":"https:\/\/staging.orchidee.de\/en\/wp-json\/wp\/v2\/types\/post"}],"author":[{"embeddable":true,"href":"https:\/\/staging.orchidee.de\/en\/wp-json\/wp\/v2\/users\/18"}],"replies":[{"embeddable":true,"href":"https:\/\/staging.orchidee.de\/en\/wp-json\/wp\/v2\/comments?post=21011"}],"version-history":[{"count":9,"href":"https:\/\/staging.orchidee.de\/en\/wp-json\/wp\/v2\/posts\/21011\/revisions"}],"predecessor-version":[{"id":22769,"href":"https:\/\/staging.orchidee.de\/en\/wp-json\/wp\/v2\/posts\/21011\/revisions\/22769"}],"wp:featuredmedia":[{"embeddable":true,"href":"https:\/\/staging.orchidee.de\/en\/wp-json\/wp\/v2\/media\/21150"}],"wp:attachment":[{"href":"https:\/\/staging.orchidee.de\/en\/wp-json\/wp\/v2\/media?parent=21011"}],"wp:term":[{"taxonomy":"category","embeddable":true,"href":"https:\/\/staging.orchidee.de\/en\/wp-json\/wp\/v2\/categories?post=21011"},{"taxonomy":"post_tag","embeddable":true,"href":"https:\/\/staging.orchidee.de\/en\/wp-json\/wp\/v2\/tags?post=21011"}],"curies":[{"name":"wp","href":"https:\/\/api.w.org\/{rel}","templated":true}]}}