{"id":10312,"date":"2022-07-21T09:28:19","date_gmt":"2022-07-21T07:28:19","guid":{"rendered":"https:\/\/orchidee.de\/?p=10312"},"modified":"2023-06-09T23:28:03","modified_gmt":"2023-06-09T21:28:03","slug":"cleisocentron-malipoense","status":"publish","type":"post","link":"https:\/\/staging.orchidee.de\/en\/cleisocentron-malipoense\/","title":{"rendered":"Cleisocentron malipoense"},"content":{"rendered":"<section class=\"l-section wpb_row us_custom_326de118 height_medium\"><div class=\"l-section-h i-cf\"><div class=\"g-cols vc_row via_grid cols_1 laptops-cols_inherit tablets-cols_inherit mobiles-cols_1 valign_top type_default stacking_default\"><div class=\"wpb_column vc_column_container\"><div class=\"vc_column-inner\"><div class=\"wpb_text_column us_custom_e939c30a\"><div class=\"wpb_wrapper\"><h1><em>Cleisocentron malipoense<\/em><\/h1>\n<\/div><\/div><\/div><\/div><\/div><\/div><\/section><section class=\"l-section wpb_row height_medium\"><div class=\"l-section-h i-cf\"><div class=\"g-cols vc_row via_grid cols_2 laptops-cols_inherit tablets-cols_inherit mobiles-cols_1 valign_middle type_default reversed stacking_default\"><div class=\"wpb_column vc_column_container\"><div class=\"vc_column-inner\"><div class=\"w-image align_none\"><div class=\"w-image-h\"><img loading=\"lazy\" decoding=\"async\" width=\"1024\" height=\"768\" src=\"https:\/\/staging.orchidee.de\/wp-content\/uploads\/Cleisocentron-malipoense_01-1024x768.jpg\" class=\"attachment-large size-large\" alt=\"Cleisocentron malipoense\" srcset=\"https:\/\/staging.orchidee.de\/wp-content\/uploads\/Cleisocentron-malipoense_01-1024x768.jpg 1024w, https:\/\/staging.orchidee.de\/wp-content\/uploads\/Cleisocentron-malipoense_01-320x240.jpg 320w, https:\/\/staging.orchidee.de\/wp-content\/uploads\/Cleisocentron-malipoense_01-1536x1152.jpg 1536w, https:\/\/staging.orchidee.de\/wp-content\/uploads\/Cleisocentron-malipoense_01-640x480.jpg 640w, https:\/\/staging.orchidee.de\/wp-content\/uploads\/Cleisocentron-malipoense_01-533x400.jpg 533w, https:\/\/staging.orchidee.de\/wp-content\/uploads\/Cleisocentron-malipoense_01.jpg 2000w\" sizes=\"auto, (max-width: 1024px) 100vw, 1024px\" \/><\/div><\/div><div class=\"wpb_text_column us_custom_c7a522c8 has_text_color\"><div class=\"wpb_wrapper\"><p style=\"text-align: center;\"><em>Cleisocentron malipoense<\/em> &#8211; Bl\u00fcte<br \/>\n(Foto: Matthias Wystub)<\/p>\n<\/div><\/div><\/div><\/div><div class=\"wpb_column vc_column_container\"><div class=\"vc_column-inner\">[vc_wp_text]\n<table>\n<tbody>\n<tr>\n<th>Autor\/in:<\/th>\n<td>Matthias Wystub<\/td>\n<\/tr>\n<tr>\n<th>Ver\u00f6ffentlicht:<\/th>\n<td>08.02.2021<\/td>\n<\/tr>\n<tr>\n<th>Synonyme:<\/th>\n<td>\n<div class=\"row\">\n<div class=\"col-8\">\n<div class=\"\"><em>Singchia malipoensis<\/em><\/div>\n<\/div>\n<\/div>\n<\/td>\n<\/tr>\n<\/tbody>\n<\/table>\n[\/vc_wp_text]<\/div><\/div><\/div><\/div><\/section><section class=\"l-section wpb_row height_medium\"><div class=\"l-section-h i-cf\"><div class=\"g-cols vc_row via_grid cols_2 laptops-cols_inherit tablets-cols_inherit mobiles-cols_1 valign_middle type_default stacking_default\"><div class=\"wpb_column vc_column_container\"><div class=\"vc_column-inner\"><div class=\"wpb_text_column\"><div class=\"wpb_wrapper\"><p>Die beiden chinesischen Botaniker und Orchideenkenner Zhong Jian LIU und Li Jun CHEN stellten im Jahre 2009 die Gattung <em>Singchia<\/em> Z. J. Liu &amp; L. J. Chen auf mit der Typusart <em>Singchia malipoensis<\/em>, die sie in &#8220;Photo Intro Vandoid Orchid Genera in Asia&#8221; erstmals beschrieben. Der Taxonom Rod RICE \u00fcberf\u00fchrte die Art 2018 in die Gattung <em>Cleisocentron<\/em>. So lautet der anerkannte Name seitdem <em>Cleisocentron malipoense<\/em>, <em>Singchia malipoensis<\/em> gilt als Synonym.<\/p>\n<p>Entdeckt hatten LIU und CHEN die Pflanzen in der chinesischen Provinz Yunnan im Kreis Malipo auf den \u00c4sten von B\u00e4umen in H\u00f6henlagen von ca. 1000 m.<\/p>\n<\/div><\/div><\/div><\/div><div class=\"wpb_column vc_column_container\"><div class=\"vc_column-inner\"><div class=\"w-image align_none\"><div class=\"w-image-h\"><img loading=\"lazy\" decoding=\"async\" width=\"1024\" height=\"768\" src=\"https:\/\/staging.orchidee.de\/wp-content\/uploads\/Cleisocentron-malipoense_02-1024x768.jpg\" class=\"attachment-large size-large\" alt=\"Cleisocentron malipoense\" srcset=\"https:\/\/staging.orchidee.de\/wp-content\/uploads\/Cleisocentron-malipoense_02-1024x768.jpg 1024w, https:\/\/staging.orchidee.de\/wp-content\/uploads\/Cleisocentron-malipoense_02-320x240.jpg 320w, https:\/\/staging.orchidee.de\/wp-content\/uploads\/Cleisocentron-malipoense_02-1536x1152.jpg 1536w, https:\/\/staging.orchidee.de\/wp-content\/uploads\/Cleisocentron-malipoense_02-640x480.jpg 640w, https:\/\/staging.orchidee.de\/wp-content\/uploads\/Cleisocentron-malipoense_02-533x400.jpg 533w, https:\/\/staging.orchidee.de\/wp-content\/uploads\/Cleisocentron-malipoense_02.jpg 2000w\" sizes=\"auto, (max-width: 1024px) 100vw, 1024px\" \/><\/div><\/div><div class=\"wpb_text_column us_custom_c7a522c8 has_text_color\"><div class=\"wpb_wrapper\"><p style=\"text-align: center;\"><em>Cleisocentron malipoense<\/em>, Infloreszenz im Februar 2021<br \/>\n(Foto: Matthias Wystub)<\/p>\n<\/div><\/div><\/div><\/div><\/div><\/div><\/section><section class=\"l-section wpb_row height_medium\"><div class=\"l-section-h i-cf\"><div class=\"g-cols vc_row via_grid cols_2 laptops-cols_inherit tablets-cols_inherit mobiles-cols_1 valign_middle type_default reversed stacking_default\"><div class=\"wpb_column vc_column_container\"><div class=\"vc_column-inner\"><div class=\"w-image align_none\"><div class=\"w-image-h\"><img loading=\"lazy\" decoding=\"async\" width=\"1024\" height=\"768\" src=\"https:\/\/staging.orchidee.de\/wp-content\/uploads\/Cleisocentron-malipoense_03-1024x768.jpg\" class=\"attachment-large size-large\" alt=\"Cleisocentron malipoense\" srcset=\"https:\/\/staging.orchidee.de\/wp-content\/uploads\/Cleisocentron-malipoense_03-1024x768.jpg 1024w, https:\/\/staging.orchidee.de\/wp-content\/uploads\/Cleisocentron-malipoense_03-320x240.jpg 320w, https:\/\/staging.orchidee.de\/wp-content\/uploads\/Cleisocentron-malipoense_03-1536x1152.jpg 1536w, https:\/\/staging.orchidee.de\/wp-content\/uploads\/Cleisocentron-malipoense_03-640x480.jpg 640w, https:\/\/staging.orchidee.de\/wp-content\/uploads\/Cleisocentron-malipoense_03-533x400.jpg 533w, https:\/\/staging.orchidee.de\/wp-content\/uploads\/Cleisocentron-malipoense_03.jpg 2000w\" sizes=\"auto, (max-width: 1024px) 100vw, 1024px\" \/><\/div><\/div><div class=\"wpb_text_column us_custom_c7a522c8 has_text_color\"><div class=\"wpb_wrapper\"><p style=\"text-align: center;\">Habitus von <em>Cleisocentron malipoense<\/em>, M\u00e4rz 2018<br \/>\n(Foto: Matthias Wystub)<\/p>\n<\/div><\/div><\/div><\/div><div class=\"wpb_column vc_column_container\"><div class=\"vc_column-inner\"><div class=\"wpb_text_column\"><div class=\"wpb_wrapper\"><p><em>Cleisocentron malipoense<\/em> w\u00e4chst monopodial, ihr Habitus ist mit dem von <em>Vanda<\/em> (Syn. <em>Neofinetia<\/em>) <em>falcata<\/em> vergleichbar.<\/p>\n<p>Meine Pflanzen haben eine H\u00f6he von ca.14 cm und eine Blattl\u00e4nge von ca. 10 cm. Die Bl\u00e4tter sind dunkelgr\u00fcn und fest, bei hoher Sonneneinstrahlung oder intensivem Zusatzlicht bekommen sie rote R\u00e4nder und rote Punkte, was f\u00fcr die Pflanzen aber kein Problem darstellt.<\/p>\n<p>Die Bl\u00fctentriebe entwickeln sich bei mir ab November bis in den Dezember hinein, um dann von Dezember bis Januar zu bl\u00fchen.<\/p>\n<p>Der diesj\u00e4hrige Bl\u00fctentrieb hatte eine L\u00e4nge von 5 cm und entwickelte 16 Bl\u00fcten, die eine Gr\u00f6\u00dfe von ca. 8 mm \u00d7 5 mm haben.<\/p>\n<p>Die Bl\u00fctenfarbe ist wei\u00df, die s\u00e4ulenf\u00f6rmige Lippe fest und \u2013 anders als bei <em>Vanda falcata<\/em> \u2013 in einer Linie mit dem oberen Sepalum, d. h. sie steht nicht im 90\u00b0-Winkel nach vorne. Der Kallus an der Lippe ist intensiv lila gef\u00e4rbt.<\/p>\n<p>Duft konnte ich an den kleinen Bl\u00fctchen nicht feststellen.<\/p>\n<\/div><\/div><\/div><\/div><\/div><\/div><\/section><section class=\"l-section wpb_row height_medium\"><div class=\"l-section-h i-cf\"><div class=\"g-cols vc_row via_grid cols_2 laptops-cols_inherit tablets-cols_inherit mobiles-cols_1 valign_middle type_default stacking_default\"><div class=\"wpb_column vc_column_container\"><div class=\"vc_column-inner\"><div class=\"wpb_text_column\"><div class=\"wpb_wrapper\"><p>Ich kultiviere <em>Cleisocentron malipoense<\/em> ganzj\u00e4hrig auf meiner Badezimmerfensterbank sehr hell und nicht ganz so warm bei ca. 20 \u00b0C.<\/p>\n<p>Meine Pflanzen sitzen in einem durchsichtigen 6er-T\u00f6pfchen, gef\u00fcllt mit mittelgrober Pinienrinde und einem kleinen Anteil von handels\u00fcblichem Tongranulat, sodass die Wurzeln nach dem Tauchen wieder schnell abtrocken k\u00f6nnen.<\/p>\n<p>Ged\u00fcngt wird im Sommer 14-t\u00e4gig mit bis zu 300 \u00b5S. Ich tauche die Pflanzen je nach Bedarf und Abtrocknung der Wurzeln einmal pro Woche. Im Sommer werden sie, gerade wenn es drau\u00dfen sehr hei\u00df ist, zwischendurch auch mal zus\u00e4tzlich gegossen.<\/p>\n<p>Ich erwarb meine Pflanzen im M\u00e4rz 2018 bei einem Orchideenh\u00e4ndler als <em>Singchia malipoensis<\/em>. Im T\u00f6pfchen befanden sich drei kleine Pfl\u00e4nzchen, von denen die gr\u00f6\u00dfte zu diesem Zeitpunkt schon bl\u00fchte. Ich fand die kleinen filigranen Bl\u00fctchen sehr ansprechend, da sie bei direkter Sonneneinstrahlung glitzern und mit ihrem \u00bbS\u00e4ckchen\u00ab einfach etwas Besonderes sind.<\/p>\n<\/div><\/div><\/div><\/div><div class=\"wpb_column vc_column_container\"><div class=\"vc_column-inner\"><div class=\"w-image align_none\"><div class=\"w-image-h\"><img loading=\"lazy\" decoding=\"async\" width=\"1024\" height=\"768\" src=\"https:\/\/staging.orchidee.de\/wp-content\/uploads\/Cleisocentron-malipoense_04-1024x768.jpg\" class=\"attachment-large size-large\" alt=\"Cleisocentron malipoense\" srcset=\"https:\/\/staging.orchidee.de\/wp-content\/uploads\/Cleisocentron-malipoense_04-1024x768.jpg 1024w, https:\/\/staging.orchidee.de\/wp-content\/uploads\/Cleisocentron-malipoense_04-320x240.jpg 320w, https:\/\/staging.orchidee.de\/wp-content\/uploads\/Cleisocentron-malipoense_04-1536x1152.jpg 1536w, https:\/\/staging.orchidee.de\/wp-content\/uploads\/Cleisocentron-malipoense_04-640x480.jpg 640w, https:\/\/staging.orchidee.de\/wp-content\/uploads\/Cleisocentron-malipoense_04-533x400.jpg 533w, https:\/\/staging.orchidee.de\/wp-content\/uploads\/Cleisocentron-malipoense_04.jpg 2000w\" sizes=\"auto, (max-width: 1024px) 100vw, 1024px\" \/><\/div><\/div><div class=\"wpb_text_column us_custom_c7a522c8 has_text_color\"><div class=\"wpb_wrapper\"><p style=\"text-align: center;\">Die gleiche Pflanze drei Jahre sp\u00e4ter, im Februar 2021<br \/>\n(Foto: Matthias Wystub)<\/p>\n<\/div><\/div><\/div><\/div><\/div><\/div><\/section><section class=\"l-section wpb_row height_medium\"><div class=\"l-section-h i-cf\"><div class=\"g-cols vc_row via_grid cols_2 laptops-cols_inherit tablets-cols_inherit mobiles-cols_1 valign_middle type_default reversed stacking_default\"><div class=\"wpb_column vc_column_container\"><div class=\"vc_column-inner\"><div class=\"w-image align_none\"><div class=\"w-image-h\"><img loading=\"lazy\" decoding=\"async\" width=\"1024\" height=\"768\" src=\"https:\/\/staging.orchidee.de\/wp-content\/uploads\/Cleisocentron-malipoense_05-1024x768.jpg\" class=\"attachment-large size-large\" alt=\"Cleisocentron malipoense\" srcset=\"https:\/\/staging.orchidee.de\/wp-content\/uploads\/Cleisocentron-malipoense_05-1024x768.jpg 1024w, https:\/\/staging.orchidee.de\/wp-content\/uploads\/Cleisocentron-malipoense_05-320x240.jpg 320w, https:\/\/staging.orchidee.de\/wp-content\/uploads\/Cleisocentron-malipoense_05-1536x1152.jpg 1536w, https:\/\/staging.orchidee.de\/wp-content\/uploads\/Cleisocentron-malipoense_05-640x480.jpg 640w, https:\/\/staging.orchidee.de\/wp-content\/uploads\/Cleisocentron-malipoense_05-533x400.jpg 533w, https:\/\/staging.orchidee.de\/wp-content\/uploads\/Cleisocentron-malipoense_05.jpg 2000w\" sizes=\"auto, (max-width: 1024px) 100vw, 1024px\" \/><\/div><\/div><div class=\"wpb_text_column us_custom_c7a522c8 has_text_color\"><div class=\"wpb_wrapper\"><p style=\"text-align: center;\">Die Knospen von <em>Cleisocentron malipoense<\/em> haben eine eigenwillige Form.<br \/>\n(Foto: Matthias Wystub)<\/p>\n<\/div><\/div><\/div><\/div><div class=\"wpb_column vc_column_container\"><div class=\"vc_column-inner\"><div class=\"wpb_text_column\"><div class=\"wpb_wrapper\"><p>Die gro\u00dfe Pflanze bl\u00fcht bei mir zuverl\u00e4ssig jedes Jahr, die mittlere, die auch noch \u00fcbriggeblieben ist, entwickelt im Moment unter Zusatzlicht ihren ersten Bl\u00fctentrieb.<\/p>\n<p>Ich empfinde <em>Cleisocentron malipoense<\/em> als nicht zu anspruchsvoll und w\u00fcrde mir w\u00fcnschen, sie \u00f6fters in Kultur zu sehen, da sie durch ihre Gr\u00f6\u00dfe auch nicht viel Platz beansprucht und (fast) \u00fcberall dazwischen passt.<\/p>\n<\/div><\/div><\/div><\/div><\/div><\/div><\/section>\n","protected":false},"excerpt":{"rendered":"Cleisocentron malipoense Cleisocentron malipoense &#8211; Bl\u00fcte (Foto: Matthias Wystub) [vc_wp_text] Autor\/in: Matthias Wystub Ver\u00f6ffentlicht: 08.02.2021 Synonyme: Singchia malipoensis [\/vc_wp_text]Die beiden chinesischen Botaniker und Orchideenkenner Zhong Jian LIU und Li Jun CHEN stellten im Jahre 2009 die Gattung Singchia Z. J. Liu &amp; L. J. Chen auf mit der Typusart Singchia malipoensis, die sie in &#8220;Photo...","protected":false},"author":9,"featured_media":21879,"comment_status":"closed","ping_status":"open","sticky":false,"template":"","format":"standard","meta":{"footnotes":""},"categories":[209],"tags":[],"class_list":["post-10312","post","type-post","status-publish","format-standard","has-post-thumbnail","hentry","category-orchidee-der-woche"],"_links":{"self":[{"href":"https:\/\/staging.orchidee.de\/en\/wp-json\/wp\/v2\/posts\/10312","targetHints":{"allow":["GET"]}}],"collection":[{"href":"https:\/\/staging.orchidee.de\/en\/wp-json\/wp\/v2\/posts"}],"about":[{"href":"https:\/\/staging.orchidee.de\/en\/wp-json\/wp\/v2\/types\/post"}],"author":[{"embeddable":true,"href":"https:\/\/staging.orchidee.de\/en\/wp-json\/wp\/v2\/users\/9"}],"replies":[{"embeddable":true,"href":"https:\/\/staging.orchidee.de\/en\/wp-json\/wp\/v2\/comments?post=10312"}],"version-history":[{"count":11,"href":"https:\/\/staging.orchidee.de\/en\/wp-json\/wp\/v2\/posts\/10312\/revisions"}],"predecessor-version":[{"id":21882,"href":"https:\/\/staging.orchidee.de\/en\/wp-json\/wp\/v2\/posts\/10312\/revisions\/21882"}],"wp:featuredmedia":[{"embeddable":true,"href":"https:\/\/staging.orchidee.de\/en\/wp-json\/wp\/v2\/media\/21879"}],"wp:attachment":[{"href":"https:\/\/staging.orchidee.de\/en\/wp-json\/wp\/v2\/media?parent=10312"}],"wp:term":[{"taxonomy":"category","embeddable":true,"href":"https:\/\/staging.orchidee.de\/en\/wp-json\/wp\/v2\/categories?post=10312"},{"taxonomy":"post_tag","embeddable":true,"href":"https:\/\/staging.orchidee.de\/en\/wp-json\/wp\/v2\/tags?post=10312"}],"curies":[{"name":"wp","href":"https:\/\/api.w.org\/{rel}","templated":true}]}}